{"provider_url": "https://www.engenheiropaulodefrontin.rj.leg.br", "title": "Hist\u00f3ria", "html": "<p style=\"text-align: justify; \">Engenheiro Paulo de Frontin est\u00e1 situado\u00a0na Regi\u00e3o Centro Sul do Estado do Rio de Janeiro. A popula\u00e7\u00e3o estimada pelo IBGE em 2019 foi de 14.002 habitantes. Ocupa uma \u00e1rea de 139,381 km\u00b2, os habitantes se chamam fronteense. A densidade demogr\u00e1fica \u00e9 de 99,57\u00a0hab/km\u00b2 no territ\u00f3rio do munic\u00edpio.</p>\r\n<p style=\"text-align: justify; \">A cidade nasceu de um entreposto comercial entre Minas Gerais e o Rio de Janeiro\u00a0que se transformou na Vila de Rodeio, ponto convergente entre estes estados e S\u00e3o Paulo. A povoa\u00e7\u00e3o floresceu no fim do s\u00e9culo XIX\u00a0com a constru\u00e7\u00e3o da Estrada de Ferro de D. Pedro II, que passou a cortar a vila.</p>\r\n<p style=\"text-align: justify; \">Mais tarde, em 1943, passou a chamar-se Soledade de Rodeio, e em seguida (1946) Engenheiro Paulo de Frontin, em homenagem ao respons\u00e1vel pela duplica\u00e7\u00e3o da linha f\u00e9rrea, especialmente pelo\u00a0T\u00fanel 12\u00a0ou \"T\u00fanel Grande\", que possui 2.245 metros de comprimento.</p>\r\n<p style=\"text-align: justify; \">O Munic\u00edpio de Engenheiro Paulo de Frontin, tornou-se Munic\u00edpio em 4 de outubro de 1963, ap\u00f3s emancipa\u00e7\u00e3o da cidade de Vassouras. Atualmente faz divisa com as cidades de Mendes, Vassouras, Paracambi, Miguel Pereira\u00a0e Japeri.</p>\r\n<p style=\"text-align: justify; \">A 22\u00a0km da Rodovia Presidente Dutra (BR 116) e 85\u00a0km da Capital do Estado, a cidade do Rio de Janeiro e localiza-se na latitude\u00a022\u00ba 32' 59\" sul\u00a0e longitude\u00a043\u00ba 40' 42\" oeste a uma altitude de 395 metros. Engenheiro Paulo de Frontin, est\u00e1 situado na regi\u00e3o Centro Sul do estado, na Serra do Mar, com riqueza ambiental e clima que lhe proporcionam qualidade de vida diferenciada, repleta de vida da Mata Atl\u00e2ntica, localizada no hist\u00f3rico Vale do Caf\u00e9.</p>\r\n<p style=\"text-align: justify; \">O\u00a0munic\u00edpio est\u00e1 dividido em dois distritos: Sacra Fam\u00edlia do Tingu\u00e1 e Morro Azul.</p>\r\n<p style=\"text-align: justify; \">O munic\u00edpio \u00e9 integrante da regi\u00e3o tur\u00edstica do Vale do Caf\u00e9.</p>\r\n<p style=\"text-align: justify; \">O maior potencial econ\u00f4mico da cidade \u00e9 o turismo, pois ocupa uma regi\u00e3o montanhosa de beleza magn\u00edfica. O clima de tropical de atitude confere \u00e0 cidade temperaturas amenas e chuvas suficientes ao longo de todo o ano. H\u00e1 reservas de Mata Atl\u00e2ntica onde \u00e9 poss\u00edvel visualizar animais silvestres em seu habitat natural, cachoeiras e lagos, fato que rendeu \u00e0 cidade, a partir de 1995, por meio de lei estadual, o cognome de \"Cidade Verde\". O munic\u00edpio disp\u00f5e ainda de uma rede hoteleira bem formada.</p>\r\n<p style=\"text-align: justify; \">Segundo dados da SESEG/RJ - Secretaria de Estado de Seguran\u00e7a do Rio de Janeiro, o munic\u00edpio possui baix\u00edssimo \u00edndice de viol\u00eancia, sendo o 2\u00b0 menor de todo Estado do Rio de Janeiro, o que fortalece a qualidade de vida com toda seguran\u00e7a.</p>\r\n<p style=\"text-align: justify; \">\u00a0</p>\r\n<p style=\"text-align: justify; \">\u00a0</p>", "author_name": "Interlegis", "version": "1.0", "author_url": "https://www.engenheiropaulodefrontin.rj.leg.br/author/Interlegis", "provider_name": "C\u00e2mara Municipal", "type": "rich"}