{"provider_url": "https://www.engenheiropaulodefrontin.rj.leg.br", "title": "Dia de Tiradentes", "html": "<p style=\"text-align: justify; \">Esta data homenageia a figura do her\u00f3i nacional\u00a0<span>Joaquim</span>\u00a0<span>Jos\u00e9 da Silva Xavier</span>, popularmente conhecido por \u201cTiradentes\u201d (refer\u00eancia ao seu of\u00edcio de dentista).</p>\r\n<p style=\"text-align: justify; \">O feriado 21 de abril \u00e9 importante porque Tiradentes, que foi morto nessa data em 1792, \u00e9 considerado um brasileiro que lutou pela independ\u00eancia de Minas Gerais do dom\u00ednio portugu\u00eas.</p>\r\n<h2 style=\"text-align: justify; \">Quem foi Tiradentes?</h2>\r\n<p style=\"text-align: justify; \">Tiradentes nasceu em 12 de novembro de 1746 na fazenda de Pombal, entre as cidades hoje chamadas de Tiradentes e S\u00e3o Jo\u00e3o del Rei, em Minas Gerais.</p>\r\n<p style=\"text-align: justify; \">Ele foi um dentista, comerciante, minerador, militar e ativista pol\u00edtico brasileiro, e atuava na \u00e9poca do Brasil Colonial nas capitanias de Minas Gerais e Rio de Janeiro.</p>\r\n<p style=\"text-align: justify; \">Joaquim Jos\u00e9 da Silva Xavier foi um participante da Inconfid\u00eancia Mineira, um dos principais movimento contra o dom\u00ednio portugu\u00eas exercido por governadores nomeados no territ\u00f3rio. Na Capitania de Minas Gerais, a conspira\u00e7\u00e3o visava retirar o poder do Visconde de Barbacena.</p>\r\n<p style=\"text-align: justify; \">Por ser um dos principais articuladores do movimento revolucion\u00e1rio, ao viajar para o Rio de Janeiro Tiradentes foi capturado em 10 de maio de 1789 e condenado por trai\u00e7\u00e3o \u00e0 coroa portuguesa quando a conspira\u00e7\u00e3o foi descoberta.</p>\r\n<h3 style=\"text-align: justify; \">A morte de Tiradentes</h3>\r\n<p style=\"text-align: justify; \">Tiradentes foi enforcado e posteriormente esquartejado, no Rio de Janeiro, em\u00a0<span>21 de abril de 1792</span>.</p>\r\n<p>\u00a0</p>\r\n<p><img src=\"https://www.engenheiropaulodefrontin.rj.leg.br/imagens/tiradentesquadro_c.jpg\" alt=\"\" class=\"image-inline\" title=\"\" /></p>\r\n<p style=\"text-align: justify; \">Partes de seu corpo foram expostos nos principais centros urbanos do Rio de Janeiro e Minas Gerais. A sua casa foi queimada, o terreno salgado e todos os seus bens confiscados.</p>\r\n<p style=\"text-align: justify; \">A pris\u00e3o onde foi encarcerado \u00e9 a atual sede da Assembleia estadual do Rio de Janeiro e recebe o nome de Pal\u00e1cio Tiradentes. Igualmente, a cidade onde nasceu mudou de nome e passou a se chamar Tiradentes.</p>\r\n<h2 style=\"text-align: justify; \">O que se comemora em 21 de abril?</h2>\r\n<p style=\"text-align: justify; \">Tiradentes foi reconhecido como her\u00f3i nacional e um m\u00e1rtir da\u00a0<span>Inconfid\u00eancia Mineira</span>, quando a Rep\u00fablica brasileira foi instalada atrav\u00e9s de um golpe em 15 de novembro de 1889.</p>\r\n<p style=\"text-align: justify; \">Um dos primeiros atos do novo governo foi transformar a data em que ele foi executado, 21 de abril, em uma festa c\u00edvica a ser celebrada nos quart\u00e9is.</p>\r\n<p style=\"text-align: justify; \">Tiradentes \u00e9 considerado um grande l\u00edder por ter lutado por seu povo e seus ideais, apesar de ser o mais humilde entre todos os membros do movimento, Tiradentes foi quem assumiu as maiores responsabilidades.</p>\r\n<h2 style=\"text-align: justify; \">Origem do Feriado de Tiradentes</h2>\r\n<p style=\"text-align: justify; \">No ano de 1789, uma parte da popula\u00e7\u00e3o de Minas Gerais fez uma tentativa de revolta separatista contra o dom\u00ednio dos portugueses no Brasil. Tiradentes foi ativista desse movimento e o \u00fanico condenado \u00e0 morte por enforcamento.</p>\r\n<p style=\"text-align: justify; \">Por este motivo, as suas a\u00e7\u00f5es s\u00e3o reconhecidas como atos heroicos que lhe garantiram o status de importante figura hist\u00f3rica brasileira.</p>\r\n<p style=\"text-align: justify; \">O feriado foi estabelecido pela\u00a0<span>Lei N\u00ba 4.897, de 9 de dezembro de 1965\u00a0</span>durante o governo do presidente Castelo Branco.</p>\r\n<p style=\"text-align: justify; \">O nome de Tiradentes est\u00e1 escrito no Pante\u00e3o da P\u00e1tria e da Liberdade Brasileiro (conhecido como o \u201cLivro dos Her\u00f3is da P\u00e1tria\u201d) desde 21 de abril de 1992.</p>", "author_name": "", "version": "1.0", "author_url": "https://www.engenheiropaulodefrontin.rj.leg.br/author/adm", "provider_name": "C\u00e2mara Municipal", "type": "rich"}